{"id":156298,"date":"2024-06-03T11:38:41","date_gmt":"2024-06-03T10:38:41","guid":{"rendered":"https:\/\/www.thermal-engineering.org\/como-a-camada-de-inversao-termica-afeta-a-poluicao\/"},"modified":"2024-06-03T11:38:41","modified_gmt":"2024-06-03T10:38:41","slug":"como-a-camada-de-inversao-termica-afeta-a-poluicao","status":"publish","type":"post","link":"https:\/\/www.thermal-engineering.org\/pt-br\/como-a-camada-de-inversao-termica-afeta-a-poluicao\/","title":{"rendered":"Como a camada de invers\u00e3o t\u00e9rmica afeta a polui\u00e7\u00e3o"},"content":{"rendered":"<p class=\"sidekick\">Como a camada de invers\u00e3o t\u00e9rmica afeta a polui\u00e7\u00e3o do ar, aumentando a concentra\u00e7\u00e3o de poluentes e impactando a sa\u00fade e o meio ambiente.<\/p>\n<p><img src=\"https:\/\/www.thermal-engineering.org\/wp-content\/uploads\/2024\/06\/como_a_camada_de_inversao_termica_afeta_a_poluicao.png\" alt=\"Como a camada de invers\u00e3o t\u00e9rmica afeta a polui\u00e7\u00e3o\" style=\"display: block; margin-left: auto; margin-right: auto;\"\/><\/p>\n<h2>Como a Camada de Invers\u00e3o T\u00e9rmica Afeta a Polui\u00e7\u00e3o<\/h2>\n<p>A invers\u00e3o t\u00e9rmica \u00e9 um fen\u00f4meno atmosf\u00e9rico que pode ter impactos significativos na qualidade do ar de uma regi\u00e3o. Em uma condi\u00e7\u00e3o atmosf\u00e9rica normal, a temperatura do ar diminui com a altitude. No entanto, durante uma invers\u00e3o t\u00e9rmica, essa situa\u00e7\u00e3o se inverte, e a temperatura aumenta com a altitude em uma camada espec\u00edfica.<\/p>\n<h2>O que \u00e9 uma Camada de Invers\u00e3o T\u00e9rmica?<\/h2>\n<p>Na maioria dos dias, o sol aquece a superf\u00edcie da Terra, que por sua vez aquece o ar ao seu redor. Esse ar quente mais leve sobe, e o ar mais frio e mais pesado desce, criando um ciclo constante de movimenta\u00e7\u00e3o de ar que ajuda a dispersar poluentes. Esse processo \u00e9 conhecido como convec\u00e7\u00e3o.<\/p>\n<p>No entanto, sob certas condi\u00e7\u00f5es meteorol\u00f3gicas, uma camada de ar quente pode se formar acima de uma camada de ar mais frio perto da superf\u00edcie. Isso \u00e9 conhecido como invers\u00e3o t\u00e9rmica. A camada de ar mais quente atua como uma tampa, impedindo que o ar frio e os poluentes se elevem e dispersem na atmosfera.<\/p>\n<h2>Como a Invers\u00e3o T\u00e9rmica Afeta a Polui\u00e7\u00e3o do Ar?<\/h2>\n<p>Durante uma invers\u00e3o t\u00e9rmica, os poluentes emitidos por f\u00e1bricas, ve\u00edculos e outras fontes ficam presos na camada de ar frio pr\u00f3xima \u00e0 superf\u00edcie. Isso pode levar a uma concentra\u00e7\u00e3o de poluentes e uma significativa degrada\u00e7\u00e3o da qualidade do ar. Os principais poluentes afetados incluem:<\/p>\n<ul>\n<li>\u00d3xidos de nitrog\u00eanio (NO<sub>x<\/sub>)<\/li>\n<li>Di\u00f3xido de enxofre (SO<sub>2<\/sub>)<\/li>\n<li>Mon\u00f3xido de carbono (CO)<\/li>\n<li>Material particulado (PM<sub>10<\/sub> e PM<sub>2.5<\/sub>)<\/li>\n<\/ul>\n<h2>Efeitos na Sa\u00fade e no Meio Ambiente<\/h2>\n<p>A elevada concentra\u00e7\u00e3o de poluentes pode causar diversos problemas de sa\u00fade, especialmente para indiv\u00edduos com doen\u00e7as respirat\u00f3rias como asma e bronquite. Os sintomas podem incluir dificuldade para respirar, tosse e irrita\u00e7\u00e3o nos olhos, nariz e garganta.<\/p>\n<p>Al\u00e9m dos impactos na sa\u00fade, a invers\u00e3o t\u00e9rmica tamb\u00e9m pode afetar o meio ambiente. A visibilidade pode ser significativamente reduzida devido \u00e0 forma\u00e7\u00e3o de smog, e os poluentes podem danificar a vegeta\u00e7\u00e3o e os materiais de constru\u00e7\u00e3o.<\/p>\n<h2>Exemplos de Invers\u00e3o T\u00e9rmica<\/h2>\n<p>Cidades que est\u00e3o em vales ou cercadas por montanhas, como Los Angeles (EUA) e Santiago (Chile), s\u00e3o particularmente suscet\u00edveis a invers\u00f5es t\u00e9rmicas. Estas condi\u00e7\u00f5es geogr\u00e1ficas facilitam o ac\u00famulo de ar frio e poluentes, exacerbando os problemas de qualidade do ar.<\/p>\n<h2>Como Mitigar os Efeitos da Invers\u00e3o T\u00e9rmica?<\/h2>\n<p>A mitiga\u00e7\u00e3o dos efeitos da invers\u00e3o t\u00e9rmica envolve tanto a\u00e7\u00f5es imediatas quanto estrat\u00e9gias a longo prazo:<\/p>\n<ol>\n<li>Reduzir a emiss\u00e3o de poluentes atrav\u00e9s do uso de transporte p\u00fablico, ve\u00edculos el\u00e9tricos e tecnologias mais limpas nas ind\u00fastrias.<\/li>\n<li>Monitorar a qualidade do ar e informar a popula\u00e7\u00e3o sobre os n\u00edveis de polui\u00e7\u00e3o, especialmente durante per\u00edodos de invers\u00e3o.<\/li>\n<li>Pol\u00edticas p\u00fablicas que incentivem o uso de energia renov\u00e1vel e tecnologias sustent\u00e1veis para reduzir a pegada de carbono.<\/li>\n<li>Amplia\u00e7\u00e3o de \u00e1reas verdes urbanas para melhorar a qualidade do ar e promover a dispers\u00e3o de poluentes.<\/li>\n<\/ol>\n<p>Entender como a invers\u00e3o t\u00e9rmica funciona e seus impactos \u00e9 essencial para melhorar a qualidade do ar e proteger a sa\u00fade p\u00fablica. Medidas proativas podem fazer uma diferen\u00e7a significativa na redu\u00e7\u00e3o dos efeitos negativos desse fen\u00f4meno atmosf\u00e9rico.<\/p>\n","protected":false},"excerpt":{"rendered":"<p>Como a camada de invers\u00e3o t\u00e9rmica afeta a polui\u00e7\u00e3o do ar, aumentando a concentra\u00e7\u00e3o de poluentes e impactando a sa\u00fade e o meio ambiente.<\/p>\n","protected":false},"author":1,"featured_media":0,"comment_status":"closed","ping_status":"closed","sticky":false,"template":"","format":"standard","meta":[],"categories":[120],"tags":[],"yoast_head":"<!-- This site is optimized with the Yoast SEO plugin v15.4 - https:\/\/yoast.com\/wordpress\/plugins\/seo\/ -->\n<title>Como a camada de invers\u00e3o t\u00e9rmica afeta a polui\u00e7\u00e3o<\/title>\n<meta name=\"description\" content=\"Como a camada de invers\u00e3o t\u00e9rmica afeta a polui\u00e7\u00e3o do ar, aumentando a concentra\u00e7\u00e3o de poluentes e impactando a sa\u00fade e o meio ambiente.\" \/>\n<meta name=\"robots\" content=\"index, follow, max-snippet:-1, max-image-preview:large, max-video-preview:-1\" \/>\n<link rel=\"canonical\" href=\"https:\/\/www.thermal-engineering.org\/pt-br\/como-a-camada-de-inversao-termica-afeta-a-poluicao\/\" \/>\n<meta property=\"og:locale\" content=\"pt_BR\" \/>\n<meta property=\"og:type\" content=\"article\" \/>\n<meta property=\"og:title\" content=\"Como a camada de invers\u00e3o t\u00e9rmica afeta a polui\u00e7\u00e3o\" \/>\n<meta property=\"og:description\" content=\"Como a camada de invers\u00e3o t\u00e9rmica afeta a polui\u00e7\u00e3o do ar, aumentando a concentra\u00e7\u00e3o de poluentes e impactando a sa\u00fade e o meio ambiente.\" \/>\n<meta property=\"og:url\" content=\"https:\/\/www.thermal-engineering.org\/pt-br\/como-a-camada-de-inversao-termica-afeta-a-poluicao\/\" \/>\n<meta property=\"og:site_name\" content=\"Thermal Engineering\" \/>\n<meta property=\"article:published_time\" content=\"2024-06-03T10:38:41+00:00\" \/>\n<meta property=\"og:image\" content=\"https:\/\/www.thermal-engineering.org\/wp-content\/uploads\/2024\/06\/como_a_camada_de_inversao_termica_afeta_a_poluicao.png\" \/>\n<meta name=\"twitter:card\" content=\"summary\" \/>\n<meta name=\"twitter:label1\" content=\"Written by\">\n\t<meta name=\"twitter:data1\" content=\"Nick Connor\">\n\t<meta name=\"twitter:label2\" content=\"Est. reading time\">\n\t<meta name=\"twitter:data2\" content=\"2 minutos\">\n<script type=\"application\/ld+json\" class=\"yoast-schema-graph\">{\"@context\":\"https:\/\/schema.org\",\"@graph\":[{\"@type\":\"WebSite\",\"@id\":\"https:\/\/www.thermal-engineering.org\/fr\/#website\",\"url\":\"https:\/\/www.thermal-engineering.org\/fr\/\",\"name\":\"Thermal Engineering\",\"description\":\"\",\"potentialAction\":[{\"@type\":\"SearchAction\",\"target\":\"https:\/\/www.thermal-engineering.org\/fr\/?s={search_term_string}\",\"query-input\":\"required name=search_term_string\"}],\"inLanguage\":\"pt-BR\"},{\"@type\":\"ImageObject\",\"@id\":\"https:\/\/www.thermal-engineering.org\/pt-br\/como-a-camada-de-inversao-termica-afeta-a-poluicao\/#primaryimage\",\"inLanguage\":\"pt-BR\",\"url\":\"https:\/\/www.thermal-engineering.org\/wp-content\/uploads\/2024\/06\/como_a_camada_de_inversao_termica_afeta_a_poluicao.png\",\"width\":1000,\"height\":1000,\"caption\":\"Como a camada de invers\\u00e3o t\\u00e9rmica afeta a polui\\u00e7\\u00e3o\"},{\"@type\":\"WebPage\",\"@id\":\"https:\/\/www.thermal-engineering.org\/pt-br\/como-a-camada-de-inversao-termica-afeta-a-poluicao\/#webpage\",\"url\":\"https:\/\/www.thermal-engineering.org\/pt-br\/como-a-camada-de-inversao-termica-afeta-a-poluicao\/\",\"name\":\"Como a camada de invers\\u00e3o t\\u00e9rmica afeta a polui\\u00e7\\u00e3o\",\"isPartOf\":{\"@id\":\"https:\/\/www.thermal-engineering.org\/fr\/#website\"},\"primaryImageOfPage\":{\"@id\":\"https:\/\/www.thermal-engineering.org\/pt-br\/como-a-camada-de-inversao-termica-afeta-a-poluicao\/#primaryimage\"},\"datePublished\":\"2024-06-03T10:38:41+00:00\",\"dateModified\":\"2024-06-03T10:38:41+00:00\",\"author\":{\"@id\":\"https:\/\/www.thermal-engineering.org\/fr\/#\/schema\/person\/e8c544db9afedaec8574d6464f9398bb\"},\"description\":\"Como a camada de invers\\u00e3o t\\u00e9rmica afeta a polui\\u00e7\\u00e3o do ar, aumentando a concentra\\u00e7\\u00e3o de poluentes e impactando a sa\\u00fade e o meio ambiente.\",\"inLanguage\":\"pt-BR\",\"potentialAction\":[{\"@type\":\"ReadAction\",\"target\":[\"https:\/\/www.thermal-engineering.org\/pt-br\/como-a-camada-de-inversao-termica-afeta-a-poluicao\/\"]}]},{\"@type\":\"Person\",\"@id\":\"https:\/\/www.thermal-engineering.org\/fr\/#\/schema\/person\/e8c544db9afedaec8574d6464f9398bb\",\"name\":\"Nick Connor\",\"image\":{\"@type\":\"ImageObject\",\"@id\":\"https:\/\/www.thermal-engineering.org\/fr\/#personlogo\",\"inLanguage\":\"pt-BR\",\"url\":\"https:\/\/secure.gravatar.com\/avatar\/84c0dec310b44b65da29dc9df6925239?s=96&d=mm&r=g\",\"caption\":\"Nick Connor\"}}]}<\/script>\n<!-- \/ Yoast SEO plugin. -->","_links":{"self":[{"href":"https:\/\/www.thermal-engineering.org\/pt-br\/wp-json\/wp\/v2\/posts\/156298"}],"collection":[{"href":"https:\/\/www.thermal-engineering.org\/pt-br\/wp-json\/wp\/v2\/posts"}],"about":[{"href":"https:\/\/www.thermal-engineering.org\/pt-br\/wp-json\/wp\/v2\/types\/post"}],"author":[{"embeddable":true,"href":"https:\/\/www.thermal-engineering.org\/pt-br\/wp-json\/wp\/v2\/users\/1"}],"replies":[{"embeddable":true,"href":"https:\/\/www.thermal-engineering.org\/pt-br\/wp-json\/wp\/v2\/comments?post=156298"}],"version-history":[{"count":0,"href":"https:\/\/www.thermal-engineering.org\/pt-br\/wp-json\/wp\/v2\/posts\/156298\/revisions"}],"wp:attachment":[{"href":"https:\/\/www.thermal-engineering.org\/pt-br\/wp-json\/wp\/v2\/media?parent=156298"}],"wp:term":[{"taxonomy":"category","embeddable":true,"href":"https:\/\/www.thermal-engineering.org\/pt-br\/wp-json\/wp\/v2\/categories?post=156298"},{"taxonomy":"post_tag","embeddable":true,"href":"https:\/\/www.thermal-engineering.org\/pt-br\/wp-json\/wp\/v2\/tags?post=156298"}],"curies":[{"name":"wp","href":"https:\/\/api.w.org\/{rel}","templated":true}]}}